{"id":280,"date":"2021-07-03T13:06:12","date_gmt":"2021-07-03T11:06:12","guid":{"rendered":"https:\/\/www.street-moto-piece.fr\/blog\/?p=280"},"modified":"2023-02-23T11:18:14","modified_gmt":"2023-02-23T10:18:14","slug":"julien-toniutti-une-cause-honorable-pour-le-rallye-routier-2021","status":"publish","type":"post","link":"https:\/\/www.street-moto-piece.fr\/blog\/julien-toniutti-une-cause-honorable-pour-le-rallye-routier-2021\/","title":{"rendered":"Julien Toniutti, une Cause Honorable pour le Rallye Routier 2021"},"content":{"rendered":"\n<h2 class=\"wp-block-heading\">Une course \u00e0 moto in\u00e9dite en France avec Julien Toniutti et Fran\u00e7ois Speck&nbsp;<\/h2>\n\n\n\n<p>Un projet peu ordinaire, menant&nbsp;<strong>Julien Toniutti<\/strong>, 5 fois champion de France des Rallyes routiers, accompagn\u00e9 de&nbsp;<strong>Fran\u00e7ois Speck<\/strong>, chef d\u2019une entreprise dans le domaine des suspensions moto et qui a&nbsp;<strong>perdu la vue&nbsp;<\/strong>depuis 30 ans.&nbsp;<\/p>\n\n\n\n<p>In\u00e9dit en France, l\u2019objectif est de participer au&nbsp;<strong>Championnat de France des Rallyes Routiers 2021&nbsp;<\/strong>en moto dans la cat\u00e9gorie Duo.<\/p>\n\n\n\n<h2 class=\"wp-block-heading\">L\u2019histoire de Fran\u00e7ois Speck<\/h2>\n\n\n\n<p>Les faits remontent aux ann\u00e9es 1990, Fran\u00e7ois \u00e9tait alors propri\u00e9taire d\u2019une entreprise de pi\u00e8ces d\u00e9tach\u00e9es d&#8217;occasion de moto. Cependant, tout a bascul\u00e9 du jour au lendemain.&nbsp;<\/p>\n\n\n\n<p>Il perdit la vue lorsqu&#8217;il a voulu gonfler un pneu de remorque. En effet, le pneu lui explosa aux yeux, entra\u00eenant un coma, 18 fractures du cr\u00e2ne, et le rendant aveugle\u2026&nbsp;<\/p>\n\n\n\n<p>Apr\u00e8s l\u2019accident de Fran\u00e7ois Speck, son handicap ne lui a pas permis de conserver son entreprise et il a longtemps \u00e9t\u00e9 en conflit avec son assurance. Commen\u00e7a alors un combat entre Fran\u00e7ois Speck et son assureur. Il mena donc une gr\u00e8ve de la faim en face des bureaux de son assureur pour r\u00e9clamer des indemnit\u00e9s. Apr\u00e8s 48 heures de gr\u00e8ve de la faim, Fran\u00e7ois a obtenu gain de cause<\/p>\n\n\n\n<p>Sa volont\u00e9 et sa d\u00e9termination lui ont permis de rebondir et d\u2019\u00eatre aujourd\u2019hui&nbsp;<strong>PDG d\u2019EMC Suspensions<\/strong>.<\/p>\n\n\n\n<h2 class=\"wp-block-heading\">Une course \u00e0 bord d\u2019une Yamaha Niken&nbsp;<\/h2>\n\n\n\n<p>Pour les accompagner durant ce rallye qui s&#8217;\u00e9tend sur toute une saison, une moto pr\u00e9par\u00e9e sp\u00e9cialement pour l\u2019occasion est pr\u00eate \u00e0 l\u2019emploi, une&nbsp;<strong>Yamaha Niken<\/strong>.<\/p>\n\n\n\n<figure class=\"wp-block-image\"><img decoding=\"async\" src=\"https:\/\/www.street-moto-piece.fr\/img\/cms\/Blog\/Julien%20Toniutti\/Yamaha%20Nikken%20Julien%20Toniutti%20Street%20Moto%20Piece.jpg\" alt=\"Yamaha Nikken Julien Toniutti Street Moto Piece\"\/><\/figure>\n\n\n\n<h2 class=\"wp-block-heading\">Le Championnat de France des Rallyes Routiers 2021&nbsp;<\/h2>\n\n\n\n<h3 class=\"wp-block-heading\">Une belle histoire \u00e0 raconter lors du rallye<\/h3>\n\n\n\n<p>Ce rallye est l\u2019occasion de montrer qu&#8217;il faut&nbsp;<strong>savourer chaque instant de la vie<\/strong>&nbsp;et aller de l&#8217;avant jour apr\u00e8s jour.&nbsp;<\/p>\n\n\n\n<p><em>\u00ab J\u2019aimerais \u00e0 travers cette exp\u00e9rience montrer que, malgr\u00e9 le handicap, on peut rebondir \u00bb (Fran\u00e7ois Speck).<\/em><\/p>\n\n\n\n<figure class=\"wp-block-image\"><img decoding=\"async\" src=\"https:\/\/www.street-moto-piece.fr\/img\/cms\/Blog\/Julien%20Toniutti\/Rallye%20Sarthe%20arriv%C3%A9e%20de%20Fran%C3%A7ois%20Speck%20avec%20Julien%20Toniutti.jpg\" alt=\"Rallye Sarthe arriv\u00e9e de Fran\u00e7ois Speck avec Julien Toniutti\"\/><\/figure>\n\n\n\n<p>Malgr\u00e9 son handicap, Fran\u00e7ois est aujourd&#8217;hui PDG d&#8217; EMC Suspensions , et revit son&nbsp;<strong>r\u00eave de rouler \u00e0 moto<\/strong>&nbsp;gr\u00e2ce \u00e0 ce duo des plus Spec&#8221;k&#8221;taculaire avec Toniutti Julien !&nbsp;<\/p>\n\n\n\n<p><em>\u00ab La passion pour la moto m\u2019a permis de tenir, de rebondir et m\u2019a (presque) redonn\u00e9 la vue ! \u00bb (Fran\u00e7ois Speck)<\/em><\/p>\n\n\n\n<figure class=\"wp-block-image\"><img decoding=\"async\" src=\"https:\/\/www.street-moto-piece.fr\/img\/cms\/Blog\/Julien%20Toniutti\/EMC%20suspensions%20Fran%C3%A7ois%20Speck%20et%20Street%20Moto%20Piece.jpg\" alt=\"EMC suspensions Fran\u00e7ois Speck et Street Moto Piece\"\/><\/figure>\n\n\n\n<h3 class=\"wp-block-heading\">Julien Toniutti, un pilier majeur pour promouvoir cette histoire&nbsp;<\/h3>\n\n\n\n<p>Apr\u00e8s un accident majeur dans sa carri\u00e8re lors du Dakar 2019, qui a caus\u00e9 4 jours de coma, un traumatisme cr\u00e2nien, 40 jours d\u2019h\u00f4pital, une d\u00e9synchronisation de ses deux yeux (dont il s\u2019en est tr\u00e8s bien r\u00e9tabli)&#8230; Julien s\u2019est senti&nbsp;<strong>plus proche<\/strong>&nbsp;que jamais de Fran\u00e7ois Speck.<\/p>\n\n\n\n<p><em>\u00ab En 2021, j\u2019ai donc d\u00e9cid\u00e9 de repartir sur une saison compl\u00e8te de rallyes mais pas pour essayer de d\u00e9crocher un 6\u00e8me titre, juste pour raconter une belle histoire, une histoire qui a du sens. Avec des valeurs humaines fortes \u00bb. (Julien Toniutti)<\/em><\/p>\n\n\n\n<p>Julien Toniutti souhaite donc mettre le handicap sur le devant de la sc\u00e8ne afin de d\u00e9montrer le courage des personnes handicap\u00e9es qui chaque jour, se battent pour aller de l\u2019avant et ne se plaignent jamais&#8230;<\/p>\n\n\n\n<p><em>\u00ab Je voudrais redonner de l\u2019espoir \u00e0 ces personnes-l\u00e0, et aussi de la motivation aux valides, car on est des privil\u00e9gi\u00e9s ! \u00bb<\/em><\/p>\n\n\n\n<figure class=\"wp-block-image\"><img decoding=\"async\" src=\"https:\/\/www.street-moto-piece.fr\/img\/cms\/Blog\/Julien%20Toniutti\/Julien%20Toniutti%20et%20Fran%C3%A7ois%20Speck%20sur%20Yamaha%20Nikken.jpg\" alt=\"Julien Toniutti et Fran\u00e7ois Speck sur Yamaha Nikken\"\/><\/figure>\n\n\n\n<h2 class=\"wp-block-heading\">Le calendrier du Championnat de France des Rallyes routiers 2021 de Julien Toniutti et Fran\u00e7ois Speck<\/h2>\n\n\n\n<p>Le calendrier pour le championnat de France des rallyes routiers 2021 durant lesquels le pilote fran\u00e7ais le plus rapide au Tourist Trophy \/ Ile de Man (Julien Toniutti) et Fran\u00e7ois Speck vont participer est le suivant :&nbsp;<\/p>\n\n\n\n<ul class=\"wp-block-list\">\n<li><strong>Rallye de la Sarthe<\/strong>&nbsp;: du 26 au 27 juin&nbsp;<\/li>\n\n\n\n<li><strong>Rallye du Dourdou<\/strong>&nbsp;: du 16 au 17 juillet&nbsp;<\/li>\n\n\n\n<li><strong>Rallye des Coteaux<\/strong>&nbsp;: du 4 au 5 septembre&nbsp;<\/li>\n\n\n\n<li><strong>Rallye de Charente<\/strong>&nbsp;: du 16 au 17 octobre&nbsp;<\/li>\n<\/ul>\n\n\n\n<p>D&#8217;autres articles sont \u00e0 venir, n&#8217;h\u00e9sitez pas \u00e0 aller voir le\u00a0<a href=\"https:\/\/www.street-moto-piece.fr\/blog\/\" title=\"\">blog guides et conseils<\/a>.<\/p>\n","protected":false},"excerpt":{"rendered":"<p>Une course \u00e0 moto in\u00e9dite en France avec Julien Toniutti et Fran\u00e7ois Speck&nbsp; Un projet peu ordinaire, menant&nbsp;Julien Toniutti, 5 fois champion de France des Rallyes routiers, accompagn\u00e9 de&nbsp;Fran\u00e7ois Speck, chef d\u2019une entreprise dans le domaine des suspensions moto et qui a&nbsp;perdu la vue&nbsp;depuis 30 ans.&nbsp; In\u00e9dit en France, l\u2019objectif est de participer au&nbsp;Championnat de [&hellip;]<\/p>\n","protected":false},"author":1,"featured_media":281,"comment_status":"closed","ping_status":"open","sticky":false,"template":"","format":"standard","meta":{"site-sidebar-layout":"default","site-content-layout":"","ast-site-content-layout":"","site-content-style":"default","site-sidebar-style":"default","ast-global-header-display":"","ast-banner-title-visibility":"","ast-main-header-display":"","ast-hfb-above-header-display":"","ast-hfb-below-header-display":"","ast-hfb-mobile-header-display":"","site-post-title":"","ast-breadcrumbs-content":"","ast-featured-img":"","footer-sml-layout":"","theme-transparent-header-meta":"","adv-header-id-meta":"","stick-header-meta":"","header-above-stick-meta":"","header-main-stick-meta":"","header-below-stick-meta":"","astra-migrate-meta-layouts":"default","ast-page-background-enabled":"default","ast-page-background-meta":{"desktop":{"background-color":"var(--ast-global-color-4)","background-image":"","background-repeat":"repeat","background-position":"center center","background-size":"auto","background-attachment":"scroll","background-type":"","background-media":"","overlay-type":"","overlay-color":"","overlay-gradient":""},"tablet":{"background-color":"","background-image":"","background-repeat":"repeat","background-position":"center center","background-size":"auto","background-attachment":"scroll","background-type":"","background-media":"","overlay-type":"","overlay-color":"","overlay-gradient":""},"mobile":{"background-color":"","background-image":"","background-repeat":"repeat","background-position":"center center","background-size":"auto","background-attachment":"scroll","background-type":"","background-media":"","overlay-type":"","overlay-color":"","overlay-gradient":""}},"ast-content-background-meta":{"desktop":{"background-color":"var(--ast-global-color-5)","background-image":"","background-repeat":"repeat","background-position":"center center","background-size":"auto","background-attachment":"scroll","background-type":"","background-media":"","overlay-type":"","overlay-color":"","overlay-gradient":""},"tablet":{"background-color":"var(--ast-global-color-5)","background-image":"","background-repeat":"repeat","background-position":"center center","background-size":"auto","background-attachment":"scroll","background-type":"","background-media":"","overlay-type":"","overlay-color":"","overlay-gradient":""},"mobile":{"background-color":"var(--ast-global-color-5)","background-image":"","background-repeat":"repeat","background-position":"center center","background-size":"auto","background-attachment":"scroll","background-type":"","background-media":"","overlay-type":"","overlay-color":"","overlay-gradient":""}},"footnotes":""},"categories":[15],"tags":[],"class_list":["post-280","post","type-post","status-publish","format-standard","has-post-thumbnail","hentry","category-actualites"],"aioseo_notices":[],"_links":{"self":[{"href":"https:\/\/www.street-moto-piece.fr\/blog\/wp-json\/wp\/v2\/posts\/280","targetHints":{"allow":["GET"]}}],"collection":[{"href":"https:\/\/www.street-moto-piece.fr\/blog\/wp-json\/wp\/v2\/posts"}],"about":[{"href":"https:\/\/www.street-moto-piece.fr\/blog\/wp-json\/wp\/v2\/types\/post"}],"author":[{"embeddable":true,"href":"https:\/\/www.street-moto-piece.fr\/blog\/wp-json\/wp\/v2\/users\/1"}],"replies":[{"embeddable":true,"href":"https:\/\/www.street-moto-piece.fr\/blog\/wp-json\/wp\/v2\/comments?post=280"}],"version-history":[{"count":2,"href":"https:\/\/www.street-moto-piece.fr\/blog\/wp-json\/wp\/v2\/posts\/280\/revisions"}],"predecessor-version":[{"id":941,"href":"https:\/\/www.street-moto-piece.fr\/blog\/wp-json\/wp\/v2\/posts\/280\/revisions\/941"}],"wp:featuredmedia":[{"embeddable":true,"href":"https:\/\/www.street-moto-piece.fr\/blog\/wp-json\/wp\/v2\/media\/281"}],"wp:attachment":[{"href":"https:\/\/www.street-moto-piece.fr\/blog\/wp-json\/wp\/v2\/media?parent=280"}],"wp:term":[{"taxonomy":"category","embeddable":true,"href":"https:\/\/www.street-moto-piece.fr\/blog\/wp-json\/wp\/v2\/categories?post=280"},{"taxonomy":"post_tag","embeddable":true,"href":"https:\/\/www.street-moto-piece.fr\/blog\/wp-json\/wp\/v2\/tags?post=280"}],"curies":[{"name":"wp","href":"https:\/\/api.w.org\/{rel}","templated":true}]}}